{"id":65060,"date":"2026-08-31T13:35:03","date_gmt":"2026-08-31T11:35:03","guid":{"rendered":"https:\/\/baga-biga.eus\/juliek-gasteizko-santa-maria-katedralean-joko-du-irailak-5ean\/"},"modified":"2026-08-31T13:46:19","modified_gmt":"2026-08-31T11:46:19","slug":"juliek-gasteizko-santa-maria-katedralean-joko-du-irailak-5ean","status":"publish","type":"post","link":"https:\/\/baga-biga.eus\/es\/juliek-gasteizko-santa-maria-katedralean-joko-du-irailak-5ean\/","title":{"rendered":"Julie tocar\u00e1 en la catedral Santa Mar\u00eda de Vitoria el 5 de septiembre"},"content":{"rendered":"<p>La cantante bayonesa Julie ofrecer\u00e1 un concierto especial este s\u00e1bado 5 de septiembre, ya que se celebrar\u00e1 en el p\u00f3rtico de la catedral Santa Mar\u00eda de Vitoria. Ser\u00e1 un escenario insuperable para disfrutar de las canciones de su primer trabajo largo \u00abEKLORE\u00bb; a caballo entre el folk contempor\u00e1neo y la chanson francesa, los temas de su debut muestran un mundo interior sensible y lleno de matices, defendidos con la maravillosa voz l\u00edrica de Julie, tanto en franc\u00e9s como euskera.<\/p>\n<h3>Un escenario \u00fanico<\/h3>\n<p>El concierto de Julie de \u00e9ste s\u00e1bado se realizar\u00e1 en el p\u00f3rtico de la catedral Santa Mar\u00eda de Vitoria, dentro de la propuesta de \u00abAbierto por concierto\u00bb. Este proyecto que lleva adelante ala catedral junto con la fundaci\u00f3n Vital propone ciclos de conciertos de m\u00fasica flamenca, folk, m\u00fasica cl\u00e1sica y coral en un escenario irrepetible, usando distintos espacios de la catedral reci\u00e9n restaurada y abierta al p\u00fablico en abril del a\u00f1o pasado. El ciclo de conciertos toma su nombre de un juego de palabras hecho a partir de \u00abAbierto por obras\u00bb, t\u00edtulo que recibi\u00f3 el proceso de restauraci\u00f3n de la catedral, iniciado en 1998, durante el cual segu\u00eda estando abierto a las visitas.<\/p>\n<p>El concierto ser\u00e1 en el p\u00f3rtico de la catedral Santa Mar\u00eda de Vitoria este s\u00e1bado, 5 de septiembre a las 20:00, y las entradas se pueden adquirir por 12\u20ac.<\/p>\n","protected":false},"excerpt":{"rendered":"<p>La cantante bayonesa Julie ofrecer\u00e1 un concierto especial este s\u00e1bado 5 de septiembre, ya que se celebrar\u00e1 en el p\u00f3rtico de la catedral Santa Mar\u00eda de Vitoria. Ser\u00e1 un escenario [&hellip;]<\/p>\n","protected":false},"author":3,"featured_media":65057,"comment_status":"open","ping_status":"closed","sticky":false,"template":"","format":"standard","meta":{"_acf_changed":false,"_et_pb_use_builder":"","_et_pb_old_content":"","_et_gb_content_width":"","footnotes":""},"categories":[245],"tags":[],"class_list":["post-65060","post","type-post","status-publish","format-standard","has-post-thumbnail","hentry","category-conciertos"],"acf":[],"_links":{"self":[{"href":"https:\/\/baga-biga.eus\/es\/wp-json\/wp\/v2\/posts\/65060","targetHints":{"allow":["GET"]}}],"collection":[{"href":"https:\/\/baga-biga.eus\/es\/wp-json\/wp\/v2\/posts"}],"about":[{"href":"https:\/\/baga-biga.eus\/es\/wp-json\/wp\/v2\/types\/post"}],"author":[{"embeddable":true,"href":"https:\/\/baga-biga.eus\/es\/wp-json\/wp\/v2\/users\/3"}],"replies":[{"embeddable":true,"href":"https:\/\/baga-biga.eus\/es\/wp-json\/wp\/v2\/comments?post=65060"}],"version-history":[{"count":3,"href":"https:\/\/baga-biga.eus\/es\/wp-json\/wp\/v2\/posts\/65060\/revisions"}],"predecessor-version":[{"id":65063,"href":"https:\/\/baga-biga.eus\/es\/wp-json\/wp\/v2\/posts\/65060\/revisions\/65063"}],"wp:featuredmedia":[{"embeddable":true,"href":"https:\/\/baga-biga.eus\/es\/wp-json\/wp\/v2\/media\/65057"}],"wp:attachment":[{"href":"https:\/\/baga-biga.eus\/es\/wp-json\/wp\/v2\/media?parent=65060"}],"wp:term":[{"taxonomy":"category","embeddable":true,"href":"https:\/\/baga-biga.eus\/es\/wp-json\/wp\/v2\/categories?post=65060"},{"taxonomy":"post_tag","embeddable":true,"href":"https:\/\/baga-biga.eus\/es\/wp-json\/wp\/v2\/tags?post=65060"}],"curies":[{"name":"wp","href":"https:\/\/api.w.org\/{rel}","templated":true}]}}