{"id":63403,"date":"2026-04-29T13:41:24","date_gmt":"2026-04-29T11:41:24","guid":{"rendered":"https:\/\/baga-biga.eus\/?p=63403"},"modified":"2026-04-29T13:41:24","modified_gmt":"2026-04-29T11:41:24","slug":"ets-agota-30-000-entradas-en-24-horas-para-etxean-y-anuncia-una-tercera-fecha-en-el-buesa-arena","status":"publish","type":"post","link":"https:\/\/baga-biga.eus\/es\/ets-agota-30-000-entradas-en-24-horas-para-etxean-y-anuncia-una-tercera-fecha-en-el-buesa-arena\/","title":{"rendered":"ETS agota 30.000 entradas en 24 horas para \u201cETXEAN\u201d y anuncia una tercera fecha en el Buesa Arena"},"content":{"rendered":"<div style=\"text-align: justify;\">\n<p><strong>Se a\u00f1ade un nuevo concierto el s\u00e1bado 13 de marzo de 2027 en Vitoria-Gasteiz tras colgar el cartel de completo para los d\u00edas 19 y 20 de marzo<\/strong><\/p>\n<h2>El evento ser\u00e1 el mayor espect\u00e1culo en euskera de la historia de \u00c1lava<\/h2>\n<p>Lo que iba a ser una \u00fanica noche se ha convertido en un fen\u00f3meno. ETS (En Tol Sarmiento) ha agotado las 30.000 entradas disponibles en preventa en menos de 24 horas para \u201cETXEAN\u201d, el espect\u00e1culo con el que regresar\u00e1 a casa en 2027. <\/p>\n<p>El nuevo concierto tendr\u00e1 lugar el <strong>13 de marzo de 2027<\/strong> en el Buesa Arena de Vitoria-Gasteiz. Las entradas ya est\u00e1n disponibles. Tres noches. Un mismo concepto. El anuncio llega tras un recorrido que ha marcado un antes y un despu\u00e9s para la m\u00fasica en euskera.    <\/p>\n<p>Tras congregar a 45.000 personas en el BEC y hacer historia en el Palau Sant Jordi de Barcelona y un Movistar Arena de Madrid abarrotado, <strong>ETS afronta ahora un nuevo reto en casa<\/strong> con \u201cETXEAN\u201d. Los conciertos de Madrid y Barcelona han demostrado la magnitud actual del proyecto, con m\u00e1s de siete meses de trabajo, m\u00e1s de 100 personas sobre el escenario y un equipo total de entre 300 y 350 profesionales implicados. M\u00e1s all\u00e1 del directo, el impacto de ETS sigue creciendo. La retransmisi\u00f3n de su \u00faltimo gran concierto en el Movistar Arena de Madrid a trav\u00e9s de EITB alcanz\u00f3 los 207.000 usuarios \u00fanicos, confirmando su capacidad para trascender el formato en vivo y conectar con audiencias masivas.   <\/p>\n<p>\u201cETXEAN\u201d <strong>ser\u00e1 un evento sin precedentes<\/strong>: un espect\u00e1culo 360\u00ba con el escenario en el centro del Buesa Arena, concebido como el mayor encuentro en euskera celebrado hasta la fecha en \u00c1lava. Con m\u00e1s de dos d\u00e9cadas de trayectoria, ETS ha llevado el euskera a escenarios masivos y ha convertido su propuesta en un fen\u00f3meno cultural que trasciende la m\u00fasica. \u201cETXEAN\u201d es la vuelta al origen. Y ese origen es casa.   <\/p>\n<p>Las entradas para la nueva fecha <strong>ya est\u00e1n disponibles<\/strong> en <a href=\"http:\/\/entolsarmiento.com\" target=\"_blank\" rel=\"noopener\">entolsarmiento.com<\/a> y <a href=\"http:\/\/lasttour.org\" target=\"_blank\" rel=\"noopener\">lasttour.org<\/a>. La organizaci\u00f3n advierte de que la disponibilidad ser\u00e1 muy limitada. <\/p>\n<p><img decoding=\"async\" class=\"wp-image-63386\" style=\"display: block; margin: 0px auto; max-width: 100%; height: auto;\" src=\"https:\/\/baga-biga.eus\/wp-content\/uploads\/2026\/04\/398555e0-1c1d-9948-2ac9-3f789f913c0f.jpg\" alt=\"ETS Etxean\" width=\"1000\" srcset=\"https:\/\/baga-biga.eus\/wp-content\/uploads\/2026\/04\/398555e0-1c1d-9948-2ac9-3f789f913c0f.jpg 1062w, https:\/\/baga-biga.eus\/wp-content\/uploads\/2026\/04\/398555e0-1c1d-9948-2ac9-3f789f913c0f-480x641.jpg 480w\" sizes=\"(min-width: 0px) and (max-width: 480px) 480px, (min-width: 481px) 1062px, 100vw\" \/><\/p>\n<p style=\"margin-top: 20px;\"><strong>ETS \u201cETXEAN\u201d<\/strong><br \/><strong>GASTEIZ, Buesa Arena<\/strong><br \/>13 de marzo del 2027, s\u00e1bado<br \/>19 de marzo del 2027, viernes &#8211; <em>ENTRADAS AGOTADAS!<\/em><br \/>20 de marzo del 2027. s\u00e1bado &#8211; <em>ENTRADAS AGOTADAS!<\/em><\/p>\n<\/div>\n","protected":false},"excerpt":{"rendered":"<p>Se a\u00f1ade un nuevo concierto el s\u00e1bado 13 de marzo de 2027 en Vitoria-Gasteiz tras colgar el cartel de completo para los d\u00edas 19 y 20 de marzo El evento [&hellip;]<\/p>\n","protected":false},"author":3,"featured_media":63389,"comment_status":"open","ping_status":"closed","sticky":false,"template":"","format":"standard","meta":{"_acf_changed":false,"_et_pb_use_builder":"","_et_pb_old_content":"","_et_gb_content_width":"","footnotes":""},"categories":[245],"tags":[],"class_list":["post-63403","post","type-post","status-publish","format-standard","has-post-thumbnail","hentry","category-conciertos"],"acf":[],"_links":{"self":[{"href":"https:\/\/baga-biga.eus\/es\/wp-json\/wp\/v2\/posts\/63403","targetHints":{"allow":["GET"]}}],"collection":[{"href":"https:\/\/baga-biga.eus\/es\/wp-json\/wp\/v2\/posts"}],"about":[{"href":"https:\/\/baga-biga.eus\/es\/wp-json\/wp\/v2\/types\/post"}],"author":[{"embeddable":true,"href":"https:\/\/baga-biga.eus\/es\/wp-json\/wp\/v2\/users\/3"}],"replies":[{"embeddable":true,"href":"https:\/\/baga-biga.eus\/es\/wp-json\/wp\/v2\/comments?post=63403"}],"version-history":[{"count":1,"href":"https:\/\/baga-biga.eus\/es\/wp-json\/wp\/v2\/posts\/63403\/revisions"}],"predecessor-version":[{"id":63404,"href":"https:\/\/baga-biga.eus\/es\/wp-json\/wp\/v2\/posts\/63403\/revisions\/63404"}],"wp:featuredmedia":[{"embeddable":true,"href":"https:\/\/baga-biga.eus\/es\/wp-json\/wp\/v2\/media\/63389"}],"wp:attachment":[{"href":"https:\/\/baga-biga.eus\/es\/wp-json\/wp\/v2\/media?parent=63403"}],"wp:term":[{"taxonomy":"category","embeddable":true,"href":"https:\/\/baga-biga.eus\/es\/wp-json\/wp\/v2\/categories?post=63403"},{"taxonomy":"post_tag","embeddable":true,"href":"https:\/\/baga-biga.eus\/es\/wp-json\/wp\/v2\/tags?post=63403"}],"curies":[{"name":"wp","href":"https:\/\/api.w.org\/{rel}","templated":true}]}}