{"id":61903,"date":"2025-10-30T20:00:22","date_gmt":"2025-10-30T19:00:22","guid":{"rendered":"https:\/\/baga-biga.eus\/?p=61903"},"modified":"2025-10-30T20:23:11","modified_gmt":"2025-10-30T19:23:11","slug":"ets-rompe-su-silencio-con-ta-orain-zer","status":"publish","type":"post","link":"https:\/\/baga-biga.eus\/es\/ets-rompe-su-silencio-con-ta-orain-zer\/","title":{"rendered":"ETS rompe su silencio con \u201cta orain zer?\u201d"},"content":{"rendered":"<p><span style=\"font-weight: 400;\">Tras a\u00f1os sin publicar m\u00fasica nueva y un 2025 sin gira, ETS rompe su silencio con \u201cta orain zer?\u201d, una canci\u00f3n que marca el inicio de un nuevo viaje para el grupo referente de la m\u00fasica vasca.<\/span><\/p>\n<p><span style=\"font-weight: 400;\">Con este lanzamiento, ETS se adentra en el g\u00e9nero urbano, alej\u00e1ndose del sonido habitual que los ha caracterizado. \u201cta orain zer?\u201d parte de una historia personal de I\u00f1igo, una conversaci\u00f3n honesta consigo mismo, un di\u00e1logo con su conciencia y con el ni\u00f1o interior que todos llevamos dentro.<\/span><\/p>\n<p><span style=\"font-weight: 400;\">El tema combina velocidad y cansancio, reflexi\u00f3n y emoci\u00f3n, dando forma a un pop urbano intenso y generacional. En medio del ruido y la rutina, ETS invita a detenerse, mirar hacia adentro y reconectar.<\/span><\/p>\n<p><span style=\"font-weight: 400;\">\u201cta orain zer?\u201d ya est\u00e1 disponible en todas las plataformas digitales, acompa\u00f1ado de un videoclip en YouTube que refuerza la atm\u00f3sfera introspectiva y emocional del tema.<\/span><\/p>\n<p><iframe loading=\"lazy\" title=\"ETS - TA ORAIN ZER?\" width=\"1080\" height=\"810\" src=\"https:\/\/www.youtube.com\/embed\/BcG2zQgNHCQ?feature=oembed\"  allow=\"accelerometer; autoplay; clipboard-write; encrypted-media; gyroscope; picture-in-picture; web-share\" referrerpolicy=\"strict-origin-when-cross-origin\" allowfullscreen><\/iframe><\/p>\n<p><br style=\"font-weight: 400;\" \/><br style=\"font-weight: 400;\" \/><\/p>\n","protected":false},"excerpt":{"rendered":"<p>Tras a\u00f1os sin publicar m\u00fasica nueva y un 2025 sin gira, ETS rompe su silencio con \u201cta orain zer?\u201d, una canci\u00f3n que marca el inicio de un nuevo viaje para [&hellip;]<\/p>\n","protected":false},"author":3,"featured_media":61900,"comment_status":"open","ping_status":"closed","sticky":false,"template":"","format":"standard","meta":{"_acf_changed":false,"_et_pb_use_builder":"","_et_pb_old_content":"","_et_gb_content_width":"","footnotes":""},"categories":[243],"tags":[],"class_list":["post-61903","post","type-post","status-publish","format-standard","has-post-thumbnail","hentry","category-lanzamiento-single"],"acf":[],"_links":{"self":[{"href":"https:\/\/baga-biga.eus\/es\/wp-json\/wp\/v2\/posts\/61903","targetHints":{"allow":["GET"]}}],"collection":[{"href":"https:\/\/baga-biga.eus\/es\/wp-json\/wp\/v2\/posts"}],"about":[{"href":"https:\/\/baga-biga.eus\/es\/wp-json\/wp\/v2\/types\/post"}],"author":[{"embeddable":true,"href":"https:\/\/baga-biga.eus\/es\/wp-json\/wp\/v2\/users\/3"}],"replies":[{"embeddable":true,"href":"https:\/\/baga-biga.eus\/es\/wp-json\/wp\/v2\/comments?post=61903"}],"version-history":[{"count":2,"href":"https:\/\/baga-biga.eus\/es\/wp-json\/wp\/v2\/posts\/61903\/revisions"}],"predecessor-version":[{"id":61905,"href":"https:\/\/baga-biga.eus\/es\/wp-json\/wp\/v2\/posts\/61903\/revisions\/61905"}],"wp:featuredmedia":[{"embeddable":true,"href":"https:\/\/baga-biga.eus\/es\/wp-json\/wp\/v2\/media\/61900"}],"wp:attachment":[{"href":"https:\/\/baga-biga.eus\/es\/wp-json\/wp\/v2\/media?parent=61903"}],"wp:term":[{"taxonomy":"category","embeddable":true,"href":"https:\/\/baga-biga.eus\/es\/wp-json\/wp\/v2\/categories?post=61903"},{"taxonomy":"post_tag","embeddable":true,"href":"https:\/\/baga-biga.eus\/es\/wp-json\/wp\/v2\/tags?post=61903"}],"curies":[{"name":"wp","href":"https:\/\/api.w.org\/{rel}","templated":true}]}}