{"id":61432,"date":"2025-06-27T10:18:42","date_gmt":"2025-06-27T08:18:42","guid":{"rendered":"https:\/\/baga-biga.eus\/?p=61432"},"modified":"2025-06-27T10:19:18","modified_gmt":"2025-06-27T08:19:18","slug":"%f0%9f%8e%b6-hunkidura-kuttunak-benito-lertxundiren-omenaldia","status":"publish","type":"post","link":"https:\/\/baga-biga.eus\/es\/%f0%9f%8e%b6-hunkidura-kuttunak-benito-lertxundiren-omenaldia\/","title":{"rendered":"\ud83c\udfb6 \u2018HUNKIDURA KUTTUNAK\u2019 \u2013 BENITO LERTXUNDIREN OMENALDIA"},"content":{"rendered":"<p>\ud83d\udccd14 de septiembre \u00b7 Muxikebarri (Getxo)<br \/>\n\ud83c\udfb6 \u2018HUNKIDURA KUTTUNAK\u2019 \u2013 HOMENAJE A BENITO LERTXUNDI<\/p>\n<p>El Getxo Folk despide su 41\u00aa edici\u00f3n con un espect\u00e1culo multidisciplinar que celebra la figura de Benito Lertxundi a trav\u00e9s de m\u00fasica, danza y otras artes.<br \/>\nBajo la direcci\u00f3n art\u00edstica de\u00a0<a class=\"x1i10hfl xjbqb8w x1ejq31n x18oe1m7 x1sy0etr xstzfhl x972fbf x10w94by x1qhh985 x14e42zd x9f619 x1ypdohk xt0psk2 xe8uvvx xdj266r x14z9mp xat24cr x1lziwak xexx8yu xyri2b x18d9i69 x1c1uobl x16tdsg8 x1hl2dhg xggy1nq x1a2a7pz notranslate _a6hd\" tabindex=\"0\" role=\"link\" href=\"https:\/\/www.instagram.com\/arkaitzhorma\/\" target=\"_blank\" rel=\"noopener\">@arkaitzhorma<\/a>\u00a0y Jon Maya, y producido por Baga Biga, \u2018Hunkidura Kuttunak\u2019 nos propone un viaje emocional de Oriotik Euskal Herrira, con canciones, memoria y belleza compartida.<\/p>\n<p>\ud83c\udfa4 Con artistas como\u00a0<a class=\"x1i10hfl xjbqb8w x1ejq31n x18oe1m7 x1sy0etr xstzfhl x972fbf x10w94by x1qhh985 x14e42zd x9f619 x1ypdohk xt0psk2 xe8uvvx xdj266r x14z9mp xat24cr x1lziwak xexx8yu xyri2b x18d9i69 x1c1uobl x16tdsg8 x1hl2dhg xggy1nq x1a2a7pz notranslate _a6hd\" tabindex=\"0\" role=\"link\" href=\"https:\/\/www.instagram.com\/mikelmarkez\/\" target=\"_blank\" rel=\"noopener\">@mikelmarkez<\/a>\u00a0,\u00a0<a class=\"x1i10hfl xjbqb8w x1ejq31n x18oe1m7 x1sy0etr xstzfhl x972fbf x10w94by x1qhh985 x14e42zd x9f619 x1ypdohk xt0psk2 xe8uvvx xdj266r x14z9mp xat24cr x1lziwak xexx8yu xyri2b x18d9i69 x1c1uobl x16tdsg8 x1hl2dhg xggy1nq x1a2a7pz notranslate _a6hd\" tabindex=\"0\" role=\"link\" href=\"https:\/\/www.instagram.com\/idoiaasurmendi\/\" target=\"_blank\" rel=\"noopener\">@idoiaasurmendi<\/a>\u00a0,\u00a0<a class=\"x1i10hfl xjbqb8w x1ejq31n x18oe1m7 x1sy0etr xstzfhl x972fbf x10w94by x1qhh985 x14e42zd x9f619 x1ypdohk xt0psk2 xe8uvvx xdj266r x14z9mp xat24cr x1lziwak xexx8yu xyri2b x18d9i69 x1c1uobl x16tdsg8 x1hl2dhg xggy1nq x1a2a7pz notranslate _a6hd\" tabindex=\"0\" role=\"link\" href=\"https:\/\/www.instagram.com\/janus.lester\/\" target=\"_blank\" rel=\"noopener\">@janus.lester<\/a>\u00a0o\u00a0<a class=\"x1i10hfl xjbqb8w x1ejq31n x18oe1m7 x1sy0etr xstzfhl x972fbf x10w94by x1qhh985 x14e42zd x9f619 x1ypdohk xt0psk2 xe8uvvx xdj266r x14z9mp xat24cr x1lziwak xexx8yu xyri2b x18d9i69 x1c1uobl x16tdsg8 x1hl2dhg xggy1nq x1a2a7pz notranslate _a6hd\" tabindex=\"0\" role=\"link\" href=\"https:\/\/www.instagram.com\/mirua___\/\" target=\"_blank\" rel=\"noopener\">@mirua___<\/a>\u00a0, y la fuerza esc\u00e9nica de\u00a0<a class=\"x1i10hfl xjbqb8w x1ejq31n x18oe1m7 x1sy0etr xstzfhl x972fbf x10w94by x1qhh985 x14e42zd x9f619 x1ypdohk xt0psk2 xe8uvvx xdj266r x14z9mp xat24cr x1lziwak xexx8yu xyri2b x18d9i69 x1c1uobl x16tdsg8 x1hl2dhg xggy1nq x1a2a7pz notranslate _a6hd\" tabindex=\"0\" role=\"link\" href=\"https:\/\/www.instagram.com\/kukaidantza\/\" target=\"_blank\" rel=\"noopener\">@kukaidantza<\/a>\u00a0.<\/p>\n<p>\ud83c\udf9f Entradas a la venta desde el 7 de julio en los canales habituales de\u00a0<a class=\"x1i10hfl xjbqb8w x1ejq31n x18oe1m7 x1sy0etr xstzfhl x972fbf x10w94by x1qhh985 x14e42zd x9f619 x1ypdohk xt0psk2 xe8uvvx xdj266r x14z9mp xat24cr x1lziwak xexx8yu xyri2b x18d9i69 x1c1uobl x16tdsg8 x1hl2dhg xggy1nq x1a2a7pz notranslate _a6hd\" tabindex=\"0\" role=\"link\" href=\"https:\/\/www.instagram.com\/getxokultura\/\" target=\"_blank\" rel=\"noopener\">@getxokultura<\/a>\u00a0.<\/p>\n<p>\ud83d\udda4 Un homenaje colectivo. Un legado que vibra.<\/p>\n<p>Kartela:\u00a0<a class=\"x1i10hfl xjbqb8w x1ejq31n x18oe1m7 x1sy0etr xstzfhl x972fbf x10w94by x1qhh985 x14e42zd x9f619 x1ypdohk xt0psk2 xe8uvvx xdj266r x14z9mp xat24cr x1lziwak xexx8yu xyri2b x18d9i69 x1c1uobl x16tdsg8 x1hl2dhg xggy1nq x1a2a7pz notranslate _a6hd\" tabindex=\"0\" role=\"link\" href=\"https:\/\/www.instagram.com\/anndoni\/\" target=\"_blank\" rel=\"noopener\">@anndoni<\/a><\/p>\n","protected":false},"excerpt":{"rendered":"<p>\ud83d\udccd14 de septiembre \u00b7 Muxikebarri (Getxo) \ud83c\udfb6 \u2018HUNKIDURA KUTTUNAK\u2019 \u2013 HOMENAJE A BENITO LERTXUNDI El Getxo Folk despide su 41\u00aa edici\u00f3n con un espect\u00e1culo multidisciplinar que celebra la figura de [&hellip;]<\/p>\n","protected":false},"author":3,"featured_media":61429,"comment_status":"open","ping_status":"open","sticky":false,"template":"","format":"standard","meta":{"_acf_changed":false,"_et_pb_use_builder":"","_et_pb_old_content":"","_et_gb_content_width":"","footnotes":""},"categories":[232],"tags":[],"class_list":["post-61432","post","type-post","status-publish","format-standard","has-post-thumbnail","hentry","category-noticias"],"acf":[],"_links":{"self":[{"href":"https:\/\/baga-biga.eus\/es\/wp-json\/wp\/v2\/posts\/61432","targetHints":{"allow":["GET"]}}],"collection":[{"href":"https:\/\/baga-biga.eus\/es\/wp-json\/wp\/v2\/posts"}],"about":[{"href":"https:\/\/baga-biga.eus\/es\/wp-json\/wp\/v2\/types\/post"}],"author":[{"embeddable":true,"href":"https:\/\/baga-biga.eus\/es\/wp-json\/wp\/v2\/users\/3"}],"replies":[{"embeddable":true,"href":"https:\/\/baga-biga.eus\/es\/wp-json\/wp\/v2\/comments?post=61432"}],"version-history":[{"count":0,"href":"https:\/\/baga-biga.eus\/es\/wp-json\/wp\/v2\/posts\/61432\/revisions"}],"wp:featuredmedia":[{"embeddable":true,"href":"https:\/\/baga-biga.eus\/es\/wp-json\/wp\/v2\/media\/61429"}],"wp:attachment":[{"href":"https:\/\/baga-biga.eus\/es\/wp-json\/wp\/v2\/media?parent=61432"}],"wp:term":[{"taxonomy":"category","embeddable":true,"href":"https:\/\/baga-biga.eus\/es\/wp-json\/wp\/v2\/categories?post=61432"},{"taxonomy":"post_tag","embeddable":true,"href":"https:\/\/baga-biga.eus\/es\/wp-json\/wp\/v2\/tags?post=61432"}],"curies":[{"name":"wp","href":"https:\/\/api.w.org\/{rel}","templated":true}]}}