{"id":61235,"date":"2025-06-06T12:00:21","date_gmt":"2025-06-06T10:00:21","guid":{"rendered":"https:\/\/baga-biga.eus\/?p=61235"},"modified":"2025-06-06T10:04:08","modified_gmt":"2025-06-06T08:04:08","slug":"vazkez-presenta-alassane-zer-urrun-dagoen-senegal-un-homenaje-contemporaneo-a-la-memoria-migrante-desde-la-margen-izquierda","status":"publish","type":"post","link":"https:\/\/baga-biga.eus\/es\/vazkez-presenta-alassane-zer-urrun-dagoen-senegal-un-homenaje-contemporaneo-a-la-memoria-migrante-desde-la-margen-izquierda\/","title":{"rendered":"Vazkez presenta \u201cAlassane zer urrun dagoen Senegal\u201d: un homenaje contempor\u00e1neo a la memoria migrante desde la Margen Izquierda"},"content":{"rendered":"<p><iframe loading=\"lazy\" title=\"VAZKEZ - ALASSANE, ZER URRUN DAGOEN SENEGAL (PROD. CHICKJUAREZ) [LA CALOR DEL NORTE]\" width=\"1080\" height=\"608\" src=\"https:\/\/www.youtube.com\/embed\/FhzSp-wwAw8?feature=oembed\"  allow=\"accelerometer; autoplay; clipboard-write; encrypted-media; gyroscope; picture-in-picture; web-share\" referrerpolicy=\"strict-origin-when-cross-origin\" allowfullscreen><\/iframe><\/p>\n<p class=\"cvGsUA direction-ltr align-start para-style-body\"><span class=\"OYPEnA font-feature-liga-off font-feature-clig-off font-feature-calt-off text-decoration-none text-strikethrough-none\">El artista <\/span><span class=\"OYPEnA font-feature-liga-off font-feature-clig-off font-feature-calt-off text-decoration-none text-strikethrough-none\"><strong>Vazkez<\/strong> <\/span><span class=\"OYPEnA font-feature-liga-off font-feature-clig-off font-feature-calt-off text-decoration-none text-strikethrough-none\">lanza su nuevo sencillo <\/span><strong><span class=\"OYPEnA font-feature-liga-off font-feature-clig-off font-feature-calt-off text-decoration-none text-strikethrough-none\">\u201cAlassane zer urrun dagoen Senegal\u201d<\/span><\/strong><span class=\"OYPEnA font-feature-liga-off font-feature-clig-off font-feature-calt-off text-decoration-none text-strikethrough-none\">, un emotivo homenaje inspirado en el m\u00edtico tema \u201cI\u00f1aki zer urrun dagoen Camer\u00fan\u201d de Zarama. Con esta nueva canci\u00f3n, Vazkez rinde tributo a la historia de Alassane, un amigo que, como tantos otros, dej\u00f3 atr\u00e1s su tierra \u2014Senegal\u2014 y a su familia para buscarse la vida en Euskadi.<\/span><\/p>\n<p class=\"cvGsUA direction-ltr align-start para-style-body\"><span class=\"OYPEnA font-feature-liga-off font-feature-clig-off font-feature-calt-off text-decoration-none text-strikethrough-none\">La canci\u00f3n nace en Portugalete, en plena Margen Izquierda, donde conviven muchas de las historias que nutren la obra de <\/span><strong><span class=\"OYPEnA font-feature-liga-off font-feature-clig-off font-feature-calt-off text-decoration-none text-strikethrough-none\">Vazkez<\/span><\/strong><span class=\"OYPEnA font-feature-liga-off font-feature-clig-off font-feature-calt-off text-decoration-none text-strikethrough-none\">. En este mismo escenario transcurre tambi\u00e9n <\/span><span class=\"OYPEnA font-feature-liga-off font-feature-clig-off font-feature-calt-off text-decoration-none text-strikethrough-none\">La R\u00eda<\/span><span class=\"OYPEnA font-feature-liga-off font-feature-clig-off font-feature-calt-off text-decoration-none text-strikethrough-none\">, uno de sus anteriores sencillos, que narra el viaje de una joven de clase alta que cruza de la Margen Derecha \u2014zona hist\u00f3ricamente m\u00e1s rica\u2014 hacia la Izquierda, en busca de experiencias nuevas. Alassane, en cambio, representa el camino opuesto: es un currante que cruza la r\u00eda en direcci\u00f3n contraria, hacia la Margen Derecha, buscando oportunidades en un entorno m\u00e1s acomodado. Ambos personajes comparten un mismo universo, cruzan las mismas aguas, pero sus trayectorias revelan realidades paralelas y contrastes sociales marcados.<\/span><\/p>\n<p class=\"cvGsUA direction-ltr align-start para-style-body\"><strong><span class=\"OYPEnA font-feature-liga-off font-feature-clig-off font-feature-calt-off text-decoration-none text-strikethrough-none\">\u201cAlassane zer urrun dagoen Senegal\u201d<\/span><\/strong><span class=\"OYPEnA font-feature-liga-off font-feature-clig-off font-feature-calt-off text-decoration-none text-strikethrough-none\"> no solo recupera el esp\u00edritu de denuncia social y empat\u00eda de Zarama, sino que lo reinterpreta desde una mirada actual, cercana y profundamente humana.<\/span><\/p>\n","protected":false},"excerpt":{"rendered":"<p>El artista Vazkez lanza su nuevo sencillo \u201cAlassane zer urrun dagoen Senegal\u201d, un emotivo homenaje inspirado en el m\u00edtico tema \u201cI\u00f1aki zer urrun dagoen Camer\u00fan\u201d de Zarama. Con esta nueva [&hellip;]<\/p>\n","protected":false},"author":3,"featured_media":0,"comment_status":"open","ping_status":"open","sticky":false,"template":"","format":"video","meta":{"_acf_changed":false,"_et_pb_use_builder":"","_et_pb_old_content":"","_et_gb_content_width":"","footnotes":""},"categories":[243],"tags":[],"class_list":["post-61235","post","type-post","status-publish","format-video","hentry","category-lanzamiento-single","post_format-post-format-video"],"acf":[],"_links":{"self":[{"href":"https:\/\/baga-biga.eus\/es\/wp-json\/wp\/v2\/posts\/61235","targetHints":{"allow":["GET"]}}],"collection":[{"href":"https:\/\/baga-biga.eus\/es\/wp-json\/wp\/v2\/posts"}],"about":[{"href":"https:\/\/baga-biga.eus\/es\/wp-json\/wp\/v2\/types\/post"}],"author":[{"embeddable":true,"href":"https:\/\/baga-biga.eus\/es\/wp-json\/wp\/v2\/users\/3"}],"replies":[{"embeddable":true,"href":"https:\/\/baga-biga.eus\/es\/wp-json\/wp\/v2\/comments?post=61235"}],"version-history":[{"count":0,"href":"https:\/\/baga-biga.eus\/es\/wp-json\/wp\/v2\/posts\/61235\/revisions"}],"wp:attachment":[{"href":"https:\/\/baga-biga.eus\/es\/wp-json\/wp\/v2\/media?parent=61235"}],"wp:term":[{"taxonomy":"category","embeddable":true,"href":"https:\/\/baga-biga.eus\/es\/wp-json\/wp\/v2\/categories?post=61235"},{"taxonomy":"post_tag","embeddable":true,"href":"https:\/\/baga-biga.eus\/es\/wp-json\/wp\/v2\/tags?post=61235"}],"curies":[{"name":"wp","href":"https:\/\/api.w.org\/{rel}","templated":true}]}}