{"id":61192,"date":"2025-05-27T11:40:35","date_gmt":"2025-05-27T09:40:35","guid":{"rendered":"https:\/\/baga-biga.eus\/%e2%9c%a8-euskara-eta-kultura-protagonista-izan-dira-bbk-aretoan-%e2%9c%a8\/"},"modified":"2025-05-27T11:40:35","modified_gmt":"2025-05-27T09:40:35","slug":"%e2%9c%a8-euskara-eta-kultura-protagonista-izan-dira-bbk-aretoan-%e2%9c%a8","status":"publish","type":"post","link":"https:\/\/baga-biga.eus\/es\/%e2%9c%a8-euskara-eta-kultura-protagonista-izan-dira-bbk-aretoan-%e2%9c%a8\/","title":{"rendered":"\u2728 El euskera y la cultura se vivieron con fuerza en la Sala BBK \u2728"},"content":{"rendered":"<p>Durante el mes de mayo, con motivo de Euskaraldia, <a class=\"x1i10hfl xjbqb8w x1ejq31n xd10rxx x1sy0etr x17r0tee x972fbf xcfux6l x1qhh985 xm0m39n x9f619 x1ypdohk xt0psk2 xe8uvvx xdj266r x11i5rnm xat24cr x1mh8g0r xexx8yu x4uap5 x18d9i69 xkhd6sd x16tdsg8 x1hl2dhg xggy1nq x1a2a7pz notranslate _a6hd\" tabindex=\"0\" role=\"link\" href=\"https:\/\/www.instagram.com\/salabbk\/\" target=\"_blank\" rel=\"noopener\">@salabbk<\/a> y Baga-Biga unieron fuerzas para ofrecer una programaci\u00f3n especial, convirtiendo la Sala BBK en un espacio para celebrar la riqueza del euskera a trav\u00e9s del arte, la m\u00fasica y el pensamiento.<\/p>\n<p>El programa reuni\u00f3 a artistas de diferentes generaciones y estilos, combinando conciertos, charlas y contenidos en euskera, ofreciendo una fuerte reflexi\u00f3n sobre el momento de la creaci\u00f3n contempor\u00e1nea.<\/p>\n<p>El p\u00fablico pudo disfrutar de la intimidad de <a class=\"x1i10hfl xjbqb8w x1ejq31n xd10rxx x1sy0etr x17r0tee x972fbf xcfux6l x1qhh985 xm0m39n x9f619 x1ypdohk xt0psk2 xe8uvvx xdj266r x11i5rnm xat24cr x1mh8g0r xexx8yu x4uap5 x18d9i69 xkhd6sd x16tdsg8 x1hl2dhg xggy1nq x1a2a7pz notranslate _a6hd\" tabindex=\"0\" role=\"link\" href=\"https:\/\/www.instagram.com\/gorkaurbizu\/\" target=\"_blank\" rel=\"noopener\">@gorkaurbizu<\/a> , la fuerza de STR o <a class=\"x1i10hfl xjbqb8w x1ejq31n xd10rxx x1sy0etr x17r0tee x972fbf xcfux6l x1qhh985 xm0m39n x9f619 x1ypdohk xt0psk2 xe8uvvx xdj266r x11i5rnm xat24cr x1mh8g0r xexx8yu x4uap5 x18d9i69 xkhd6sd x16tdsg8 x1hl2dhg xggy1nq x1a2a7pz notranslate _a6hd\" tabindex=\"0\" role=\"link\" href=\"https:\/\/www.instagram.com\/duplaofficial\/\" target=\"_blank\" rel=\"noopener\">@duplaofficial<\/a> , y las propuestas de voces comprometidas como <a class=\"x1i10hfl xjbqb8w x1ejq31n xd10rxx x1sy0etr x17r0tee x972fbf xcfux6l x1qhh985 xm0m39n x9f619 x1ypdohk xt0psk2 xe8uvvx xdj266r x11i5rnm xat24cr x1mh8g0r xexx8yu x4uap5 x18d9i69 xkhd6sd x16tdsg8 x1hl2dhg xggy1nq x1a2a7pz notranslate _a6hd\" tabindex=\"0\" role=\"link\" href=\"https:\/\/www.instagram.com\/heitxi\/\" target=\"_blank\" rel=\"noopener\">@heitxi<\/a> , <a class=\"x1i10hfl xjbqb8w x1ejq31n xd10rxx x1sy0etr x17r0tee x972fbf xcfux6l x1qhh985 xm0m39n x9f619 x1ypdohk xt0psk2 xe8uvvx xdj266r x11i5rnm xat24cr x1mh8g0r xexx8yu x4uap5 x18d9i69 xkhd6sd x16tdsg8 x1hl2dhg xggy1nq x1a2a7pz notranslate _a6hd\" tabindex=\"0\" role=\"link\" href=\"https:\/\/www.instagram.com\/eidersaez13\/\" target=\"_blank\" rel=\"noopener\">@eidersaez13<\/a> o <a class=\"x1i10hfl xjbqb8w x1ejq31n xd10rxx x1sy0etr x17r0tee x972fbf xcfux6l x1qhh985 xm0m39n x9f619 x1ypdohk xt0psk2 xe8uvvx xdj266r x11i5rnm xat24cr x1mh8g0r xexx8yu x4uap5 x18d9i69 xkhd6sd x16tdsg8 x1hl2dhg xggy1nq x1a2a7pz notranslate _a6hd\" tabindex=\"0\" role=\"link\" href=\"https:\/\/www.instagram.com\/maskak_\/\" target=\"_blank\" rel=\"noopener\">@maskak_<\/a> . Tambi\u00e9n hubo tiempo para la reflexi\u00f3n, con una mesa redonda sobre el papel de la mujer en la m\u00fasica, y una sesi\u00f3n especial en directo en <a class=\"x1i10hfl xjbqb8w x1ejq31n xd10rxx x1sy0etr x17r0tee x972fbf xcfux6l x1qhh985 xm0m39n x9f619 x1ypdohk xt0psk2 xe8uvvx xdj266r x11i5rnm xat24cr x1mh8g0r xexx8yu x4uap5 x18d9i69 xkhd6sd x16tdsg8 x1hl2dhg xggy1nq x1a2a7pz notranslate _a6hd\" tabindex=\"0\" role=\"link\" href=\"https:\/\/www.instagram.com\/gaztea_irratia\/\" target=\"_blank\" rel=\"noopener\">@gaztea_irratia<\/a> . <\/p>\n<p>Una iniciativa que confirma el compromiso de BBK y Baga-Biga, con el objetivo de situar la creaci\u00f3n contempor\u00e1nea en euskera y la lengua en el centro de la comunidad y la identidad.<\/p>\n","protected":false},"excerpt":{"rendered":"<p>Durante el mes de mayo, con motivo de Euskaraldia, @salabbk y Baga-Biga unieron fuerzas para ofrecer una programaci\u00f3n especial, convirtiendo la Sala BBK en un espacio para celebrar la riqueza [&hellip;]<\/p>\n","protected":false},"author":3,"featured_media":61189,"comment_status":"open","ping_status":"open","sticky":false,"template":"","format":"standard","meta":{"_acf_changed":false,"_et_pb_use_builder":"","_et_pb_old_content":"","_et_gb_content_width":"","footnotes":""},"categories":[232],"tags":[],"class_list":["post-61192","post","type-post","status-publish","format-standard","has-post-thumbnail","hentry","category-noticias"],"acf":[],"_links":{"self":[{"href":"https:\/\/baga-biga.eus\/es\/wp-json\/wp\/v2\/posts\/61192","targetHints":{"allow":["GET"]}}],"collection":[{"href":"https:\/\/baga-biga.eus\/es\/wp-json\/wp\/v2\/posts"}],"about":[{"href":"https:\/\/baga-biga.eus\/es\/wp-json\/wp\/v2\/types\/post"}],"author":[{"embeddable":true,"href":"https:\/\/baga-biga.eus\/es\/wp-json\/wp\/v2\/users\/3"}],"replies":[{"embeddable":true,"href":"https:\/\/baga-biga.eus\/es\/wp-json\/wp\/v2\/comments?post=61192"}],"version-history":[{"count":0,"href":"https:\/\/baga-biga.eus\/es\/wp-json\/wp\/v2\/posts\/61192\/revisions"}],"wp:featuredmedia":[{"embeddable":true,"href":"https:\/\/baga-biga.eus\/es\/wp-json\/wp\/v2\/media\/61189"}],"wp:attachment":[{"href":"https:\/\/baga-biga.eus\/es\/wp-json\/wp\/v2\/media?parent=61192"}],"wp:term":[{"taxonomy":"category","embeddable":true,"href":"https:\/\/baga-biga.eus\/es\/wp-json\/wp\/v2\/categories?post=61192"},{"taxonomy":"post_tag","embeddable":true,"href":"https:\/\/baga-biga.eus\/es\/wp-json\/wp\/v2\/tags?post=61192"}],"curies":[{"name":"wp","href":"https:\/\/api.w.org\/{rel}","templated":true}]}}