{"id":60932,"date":"2025-05-20T12:37:05","date_gmt":"2025-05-20T10:37:05","guid":{"rendered":"https:\/\/baga-biga.eus\/la-furia-k-bere-gps-bira-itxi-du-madrilen-gorputz-hitz-eta-desira-bidezko-azken-astinaldia-2\/"},"modified":"2025-05-20T12:37:05","modified_gmt":"2025-05-20T10:37:05","slug":"la-furia-k-bere-gps-bira-itxi-du-madrilen-gorputz-hitz-eta-desira-bidezko-azken-astinaldia-2","status":"publish","type":"post","link":"https:\/\/baga-biga.eus\/es\/la-furia-k-bere-gps-bira-itxi-du-madrilen-gorputz-hitz-eta-desira-bidezko-azken-astinaldia-2\/","title":{"rendered":"La Furia cierra su gira GPS en Madrid: una \u00faltima tunda a trav\u00e9s del cuerpo, la palabra y el deseo"},"content":{"rendered":"<div class=\"xdj266r x11i5rnm xat24cr x1mh8g0r x1vvkbs x126k92a\">\n<div dir=\"auto\"><span class=\"html-span xexx8yu x4uap5 x18d9i69 xkhd6sd x1hl2dhg x16tdsg8 x1vvkbs x3nfvp2 x1j61x8r x1fcty0u xdj266r xat24cr xgzva0m xhhsvwb xxymvpz xlup9mm x1kky2od\"><img loading=\"lazy\" decoding=\"async\" class=\"xz74otr x168nmei x13lgxp2 x5pf9jr xo71vjh\" src=\"https:\/\/static.xx.fbcdn.net\/images\/emoji.php\/v9\/t4c\/1\/16\/1f400.png\" alt=\"\ud83d\udc00\" width=\"16\" height=\"16\"><\/span><span class=\"html-span xexx8yu x4uap5 x18d9i69 xkhd6sd x1hl2dhg x16tdsg8 x1vvkbs x3nfvp2 x1j61x8r x1fcty0u xdj266r xat24cr xgzva0m xhhsvwb xxymvpz xlup9mm x1kky2od\"><img loading=\"lazy\" decoding=\"async\" class=\"xz74otr x168nmei x13lgxp2 x5pf9jr xo71vjh\" src=\"https:\/\/static.xx.fbcdn.net\/images\/emoji.php\/v9\/t50\/1\/16\/1f525.png\" alt=\"\ud83d\udd25\" width=\"16\" height=\"16\"><\/span><\/div>\n<div dir=\"auto\">La Furia concluy\u00f3 su gira GPS el pasado viernes 16 de mayo en la Sala Vesta de Madrid. Lo cerr\u00f3 con fuerza, con palabras y con el cuerpo: a su manera. Como parte del ciclo Girando Por Salas, ha llevado a diversos escenarios del Estado el disco Ultra, con una mezcla de techno, reggaet\u00f3n, rap y ternura pol\u00edtica. La Furia ha sido desmantelada y reconstruida en tiempo real.   <\/div>\n<\/div>\n<div class=\"x11i5rnm xat24cr x1mh8g0r x1vvkbs xtlvy1s x126k92a\">\n<div dir=\"auto\">Desde los gritos fr\u00edos hasta la tensi\u00f3n corporal el\u00e9ctrica vivida en directo, cada concierto de La Furia se ha convertido en un espacio inc\u00f3modo y necesario. Cualquiera que haya estado en Madrid lo sabe: no fue s\u00f3lo m\u00fasica, fue una experiencia f\u00edsica, una sacudida, un lugar donde el deseo y la lengua (incluido el euskera) se convierten en armas. Y eso tambi\u00e9n es GPS: ir de habitaci\u00f3n en habitaci\u00f3n, s\u00ed, pero sobre todo, mirar alrededor.  <\/div>\n<\/div>\n<div class=\"x11i5rnm xat24cr x1mh8g0r x1vvkbs xtlvy1s x126k92a\">\n<div dir=\"auto\">Nos volveremos a ver el 31 de mayo en Iru\u00f1a Rock.<\/div>\n<div dir=\"auto\"><\/div>\n<\/div>\n<div class=\"x11i5rnm xat24cr x1mh8g0r x1vvkbs xtlvy1s x126k92a\">\n<div dir=\"auto\">Fotos: Javier Portillo y Goiko<\/div>\n<div dir=\"auto\"><\/div>\n<div dir=\"auto\"> <img loading=\"lazy\" decoding=\"async\" class=\"alignnone size-medium wp-image-60923\" src=\"https:\/\/baga-biga.eus\/wp-content\/uploads\/2025\/05\/496959420_1305499107914613_3524468900851302098_n-300x157.jpg\" alt=\"\" width=\"300\" height=\"157\"> <img loading=\"lazy\" decoding=\"async\" class=\"alignnone size-medium wp-image-60925\" src=\"https:\/\/baga-biga.eus\/wp-content\/uploads\/2025\/05\/g-300x157.jpg\" alt=\"\" width=\"300\" height=\"157\"><img loading=\"lazy\" decoding=\"async\" class=\"alignnone size-medium wp-image-60921\" src=\"https:\/\/baga-biga.eus\/wp-content\/uploads\/2025\/05\/493547543_1305499211247936_8764639196577798053_n-300x157.jpg\" alt=\"\" width=\"300\" height=\"157\"><\/div>\n<\/div>\n","protected":false},"excerpt":{"rendered":"<p>La Furia concluy\u00f3 su gira GPS el pasado viernes 16 de mayo en la Sala Vesta de Madrid. Lo cerr\u00f3 con fuerza, con palabras y con el cuerpo: a su [&hellip;]<\/p>\n","protected":false},"author":3,"featured_media":60922,"comment_status":"open","ping_status":"open","sticky":false,"template":"","format":"standard","meta":{"_acf_changed":false,"_et_pb_use_builder":"","_et_pb_old_content":"","_et_gb_content_width":"","footnotes":""},"categories":[245],"tags":[],"class_list":["post-60932","post","type-post","status-publish","format-standard","has-post-thumbnail","hentry","category-conciertos"],"acf":[],"_links":{"self":[{"href":"https:\/\/baga-biga.eus\/es\/wp-json\/wp\/v2\/posts\/60932","targetHints":{"allow":["GET"]}}],"collection":[{"href":"https:\/\/baga-biga.eus\/es\/wp-json\/wp\/v2\/posts"}],"about":[{"href":"https:\/\/baga-biga.eus\/es\/wp-json\/wp\/v2\/types\/post"}],"author":[{"embeddable":true,"href":"https:\/\/baga-biga.eus\/es\/wp-json\/wp\/v2\/users\/3"}],"replies":[{"embeddable":true,"href":"https:\/\/baga-biga.eus\/es\/wp-json\/wp\/v2\/comments?post=60932"}],"version-history":[{"count":0,"href":"https:\/\/baga-biga.eus\/es\/wp-json\/wp\/v2\/posts\/60932\/revisions"}],"wp:featuredmedia":[{"embeddable":true,"href":"https:\/\/baga-biga.eus\/es\/wp-json\/wp\/v2\/media\/60922"}],"wp:attachment":[{"href":"https:\/\/baga-biga.eus\/es\/wp-json\/wp\/v2\/media?parent=60932"}],"wp:term":[{"taxonomy":"category","embeddable":true,"href":"https:\/\/baga-biga.eus\/es\/wp-json\/wp\/v2\/categories?post=60932"},{"taxonomy":"post_tag","embeddable":true,"href":"https:\/\/baga-biga.eus\/es\/wp-json\/wp\/v2\/tags?post=60932"}],"curies":[{"name":"wp","href":"https:\/\/api.w.org\/{rel}","templated":true}]}}